{"id":50642,"date":"2016-11-29T00:00:00","date_gmt":"2016-11-29T02:00:00","guid":{"rendered":"https:\/\/cbl.org.br\/2016\/11\/29\/o-jabuti-te-ajuda-a-vender-mais-livros-e-voce-concorre-a-uma-viagem-para-a-feira-do-livro-de-buenos-aires\/"},"modified":"2022-05-26T15:45:14","modified_gmt":"2022-05-26T18:45:14","slug":"o-jabuti-te-ajuda-a-vender-mais-livros-e-voce-concorre-a-uma-viagem-para-a-feira-do-livro-de-buenos-aires","status":"publish","type":"post","link":"https:\/\/cbl.org.br\/es\/2016\/11\/o-jabuti-te-ajuda-a-vender-mais-livros-e-voce-concorre-a-uma-viagem-para-a-feira-do-livro-de-buenos-aires\/","title":{"rendered":"O Jabuti te ajuda a vender mais livros e voc\u00ea concorre a uma viagem para a Feira do Livro de Buenos Aires!"},"content":{"rendered":"<p><b>1\u00ba Concurso Pr\u00eamio Jabuti de Livrarias.<\/b><\/p>\n<p>&nbsp;<\/p>\n<p>O concurso premiar\u00e1 o profissional respons\u00e1vel pela cria\u00e7\u00e3o da melhor vitrine\/exposi\u00e7\u00e3o dos livros do Pr\u00eamio Jabuti 2016, na livraria onde trabalha.<\/p>\n<p>O pr\u00eamio \u00e9 uma viagem para a Feira do Livro de Buenos Aires em 2017 e tamb\u00e9m poder\u00e1 participar das Jornadas Profissionais do evento.<\/p>\n<p>Confira <a href=\"http:\/\/www.crwa.com.br\/clientes\/cbl\/wp-content\/uploads\/2016\/11\/Regulamento-concurso-Jabuti-nas-livrarias.pdf\" target=\"_blank\" rel=\"noopener\"><b>aqui <\/b><\/a>o regulamento completo e <b>participe<\/b>!<\/p>\n<p>Mais informa\u00e7\u00f5es e inscri\u00e7\u00f5es: <a href=\"mailto:jabuti@cbl.org.br\" target=\"_blank\" rel=\"noopener\">jabuti@cbl.org.br<\/a><\/p>","protected":false},"excerpt":{"rendered":"<p><b>1\u00ba Concurso Pr\u00eamio Jabuti de Livrarias.<\/b><\/p>\n<p>&nbsp;<\/p>\n<p>O concurso premiar\u00e1 o profissional respons\u00e1vel pela cria\u00e7\u00e3o da melhor vitrine\/exposi\u00e7\u00e3o dos livros do Pr\u00eamio Jabuti 2016, na livraria onde trabalha.<\/p>\n<p>O pr\u00eamio \u00e9 uma viagem para a Feira do Livro de Buenos Aires em 2017 e tamb\u00e9m poder\u00e1 participar das Jornadas Profissionais do evento.<\/p>\n<p>Confira <a href=\"http:\/\/www.crwa.com.br\/clientes\/cbl\/wp-content\/uploads\/2016\/11\/Regulamento-concurso-Jabuti-nas-livrarias.pdf\" target=\"_blank\" rel=\"noopener\"><b>aqui <\/b><\/a>o regulamento completo e <b>participe<\/b>!<\/p>\n<p>Mais informa\u00e7\u00f5es e inscri\u00e7\u00f5es: <a href=\"mailto:jabuti@cbl.org.br\" target=\"_blank\" rel=\"noopener\">jabuti@cbl.org.br<\/a><\/p>","protected":false},"author":1,"featured_media":51789,"comment_status":"open","ping_status":"open","sticky":false,"template":"","format":"standard","meta":{"_acf_changed":false,"footnotes":""},"categories":[3],"tags":[],"class_list":["post-50642","post","type-post","status-publish","format-standard","has-post-thumbnail","hentry","category-noticias"],"acf":[],"_links":{"self":[{"href":"https:\/\/cbl.org.br\/es\/wp-json\/wp\/v2\/posts\/50642","targetHints":{"allow":["GET"]}}],"collection":[{"href":"https:\/\/cbl.org.br\/es\/wp-json\/wp\/v2\/posts"}],"about":[{"href":"https:\/\/cbl.org.br\/es\/wp-json\/wp\/v2\/types\/post"}],"author":[{"embeddable":true,"href":"https:\/\/cbl.org.br\/es\/wp-json\/wp\/v2\/users\/1"}],"replies":[{"embeddable":true,"href":"https:\/\/cbl.org.br\/es\/wp-json\/wp\/v2\/comments?post=50642"}],"version-history":[{"count":1,"href":"https:\/\/cbl.org.br\/es\/wp-json\/wp\/v2\/posts\/50642\/revisions"}],"predecessor-version":[{"id":51189,"href":"https:\/\/cbl.org.br\/es\/wp-json\/wp\/v2\/posts\/50642\/revisions\/51189"}],"wp:featuredmedia":[{"embeddable":true,"href":"https:\/\/cbl.org.br\/es\/wp-json\/wp\/v2\/media\/51789"}],"wp:attachment":[{"href":"https:\/\/cbl.org.br\/es\/wp-json\/wp\/v2\/media?parent=50642"}],"wp:term":[{"taxonomy":"category","embeddable":true,"href":"https:\/\/cbl.org.br\/es\/wp-json\/wp\/v2\/categories?post=50642"},{"taxonomy":"post_tag","embeddable":true,"href":"https:\/\/cbl.org.br\/es\/wp-json\/wp\/v2\/tags?post=50642"}],"curies":[{"name":"wp","href":"https:\/\/api.w.org\/{rel}","templated":true}]}}