{"id":50799,"date":"2017-11-14T00:00:00","date_gmt":"2017-11-14T02:00:00","guid":{"rendered":"https:\/\/cbl.org.br\/2017\/11\/14\/camara-brasileira-do-livro-promoveu-evento-voltado-a-educacao-em-parceria-com-a-microsoft\/"},"modified":"2022-05-26T15:42:55","modified_gmt":"2022-05-26T18:42:55","slug":"camara-brasileira-do-livro-promoveu-evento-voltado-a-educacao-em-parceria-com-a-microsoft","status":"publish","type":"post","link":"https:\/\/cbl.org.br\/en\/2017\/11\/camara-brasileira-do-livro-promoveu-evento-voltado-a-educacao-em-parceria-com-a-microsoft\/","title":{"rendered":"C\u00e2mara Brasileira do Livro promoveu evento voltado \u00e0 educa\u00e7\u00e3o em parceria com a Microsoft"},"content":{"rendered":"<p>Em uma parceria in\u00e9dita, a CBL e a Microsoft promoveram no dia 9 de novembro o workshop \u2018Desafios Digitais na Educa\u00e7\u00e3o\u2019. Grandes especialistas das \u00e1reas de educa\u00e7\u00e3o e tecnologia apresentaram os seus trabalhos a todos os presentes, que puderam ter novas ideias, enxergar novas possibilidades e caminhos para o ensino.<\/p>\n<p><a href=\"http:\/\/cbllink.cbl.org.br\/cl\/PCO83\/B\/acb8\/CBrmcPTXmAj\/BKP3\/BqSZrap-4ic\/1\/\" target=\"_blank\" rel=\"noopener noreferrer\">Confira aqui<\/a>\u00a0as fotos.<\/p>","protected":false},"excerpt":{"rendered":"<p>Em uma parceria in\u00e9dita, a CBL e a Microsoft promoveram no dia 9 de novembro o workshop \u2018Desafios Digitais na Educa\u00e7\u00e3o\u2019. Grandes especialistas das \u00e1reas de educa\u00e7\u00e3o e tecnologia apresentaram os seus trabalhos a todos os presentes, que puderam ter novas ideias, enxergar novas possibilidades e caminhos para o ensino.<\/p>\n<p><a href=\"http:\/\/cbllink.cbl.org.br\/cl\/PCO83\/B\/acb8\/CBrmcPTXmAj\/BKP3\/BqSZrap-4ic\/1\/\" target=\"_blank\" rel=\"noopener noreferrer\">Confira aqui<\/a>\u00a0as fotos.<\/p>","protected":false},"author":1,"featured_media":46907,"comment_status":"open","ping_status":"open","sticky":false,"template":"","format":"standard","meta":{"_acf_changed":false,"footnotes":""},"categories":[3],"tags":[],"class_list":["post-50799","post","type-post","status-publish","format-standard","has-post-thumbnail","hentry","category-noticias"],"acf":[],"_links":{"self":[{"href":"https:\/\/cbl.org.br\/en\/wp-json\/wp\/v2\/posts\/50799","targetHints":{"allow":["GET"]}}],"collection":[{"href":"https:\/\/cbl.org.br\/en\/wp-json\/wp\/v2\/posts"}],"about":[{"href":"https:\/\/cbl.org.br\/en\/wp-json\/wp\/v2\/types\/post"}],"author":[{"embeddable":true,"href":"https:\/\/cbl.org.br\/en\/wp-json\/wp\/v2\/users\/1"}],"replies":[{"embeddable":true,"href":"https:\/\/cbl.org.br\/en\/wp-json\/wp\/v2\/comments?post=50799"}],"version-history":[{"count":1,"href":"https:\/\/cbl.org.br\/en\/wp-json\/wp\/v2\/posts\/50799\/revisions"}],"predecessor-version":[{"id":51346,"href":"https:\/\/cbl.org.br\/en\/wp-json\/wp\/v2\/posts\/50799\/revisions\/51346"}],"wp:featuredmedia":[{"embeddable":true,"href":"https:\/\/cbl.org.br\/en\/wp-json\/wp\/v2\/media\/46907"}],"wp:attachment":[{"href":"https:\/\/cbl.org.br\/en\/wp-json\/wp\/v2\/media?parent=50799"}],"wp:term":[{"taxonomy":"category","embeddable":true,"href":"https:\/\/cbl.org.br\/en\/wp-json\/wp\/v2\/categories?post=50799"},{"taxonomy":"post_tag","embeddable":true,"href":"https:\/\/cbl.org.br\/en\/wp-json\/wp\/v2\/tags?post=50799"}],"curies":[{"name":"wp","href":"https:\/\/api.w.org\/{rel}","templated":true}]}}