{"id":131819,"date":"2026-09-02T16:29:37","date_gmt":"2026-09-02T19:29:37","guid":{"rendered":"https:\/\/cbl.org.br\/?p=131819"},"modified":"2026-09-02T16:29:37","modified_gmt":"2026-09-02T19:29:37","slug":"espaco-premio-jabuti-reune-grandes-autores-e-pensadores-na-bienal-internacional-do-livro-de-sao-paulo","status":"publish","type":"post","link":"https:\/\/cbl.org.br\/en\/2026\/09\/espaco-premio-jabuti-reune-grandes-autores-e-pensadores-na-bienal-internacional-do-livro-de-sao-paulo\/","title":{"rendered":"Espa\u00e7o Pr\u00eamio Jabuti re\u00fane grandes autores e pensadores na Bienal Internacional do Livro de S\u00e3o Paulo"},"content":{"rendered":"<p style=\"text-align: center;\"><em>Espa\u00e7o\u00a0Pr\u00eamio\u00a0Jabuti\u00a0contar\u00e1 com\u00a0uma rica\u00a0programa\u00e7\u00e3o envolvendo\u00a0autores convidados\u00a0como\u00a0Marcelo\u00a0Tas, Leandro Karnal, Pedro Pac\u00edfico, Eug\u00eanio Bucci, M\u00e1rcia Tiburi e Pedro Bandeira,\u00a0al\u00e9m de\u00a0sess\u00f5es de aut\u00f3grafos<\/p>\n<p><\/em><\/p>\n<p>Durante os dez dias da 28\u00aa Bienal Internacional do Livro de S\u00e3o Paulo, o\u00a0<strong>Espa\u00e7o Pr\u00eamio Jabuti<\/strong>\u00a0ser\u00e1 um ponto de encontro entre livros, autores, leitores e algumas das quest\u00f5es que mobilizam a sociedade contempor\u00e2nea. Com curadoria de Hubert Alqu\u00e9res e Nina Ranieri, o espa\u00e7o reunir\u00e1 escritores, jornalistas, educadores, pesquisadores, artistas e profissionais do livro em uma programa\u00e7\u00e3o aberta ao p\u00fablico.<\/p>\n<p>O evento ocorre entre os dias 4 e 13 de setembro, no Distrito Anhembi, na capital paulista. O \u201cEspa\u00e7o Pr\u00eamio Jabuti\u201d, organizado pela C\u00e2mara Brasileira do\u202fLivro\u202f(CBL), e coordenado pelos curadores do Jabuti, Hubert Alqu\u00e9res, e do Jabuti Acad\u00eamico, Nina Ranieri, contar\u00e1 com uma rica programa\u00e7\u00e3o de mesas envolvendo escritores, jornalistas, educadores, pesquisadores, artistas e profissionais do livro que integram a comunidade formada ao longo da hist\u00f3ria do Pr\u00eamio Jabuti e do Jabuti Acad\u00eamico.<\/p>\n<p>O p\u00fablico contar\u00e1 com bate-papo e sess\u00e3o de aut\u00f3grafos dos autores participantes, que acontecer\u00e3o nos seguintes hor\u00e1rios: 11h, 14h, 15h30, 17h, 15h, 19h30, no estande H-30. Veja a programa\u00e7\u00e3o completa no final do texto, de acordo com as datas do evento.<\/p>\n<p>Os visitantes poder\u00e3o comprar livros dos autores participantes no pr\u00f3prio espa\u00e7o, por meio de uma livraria parceira. Tamb\u00e9m ter\u00e3o a oportunidade de conhecer e interagir com a famosa estatueta do\u202fJabuti, que estar\u00e1 dispon\u00edvel para fotos.<\/p>\n<p>Para Sevani Matos, presidente da C\u00e2mara Brasileira do\u202fLivro, a participa\u00e7\u00e3o das premia\u00e7\u00f5es na Bienal refor\u00e7a o compromisso da entidade com a valoriza\u00e7\u00e3o da leitura e da ci\u00eancia. \u201cO Jabuti sempre foi um pr\u00eamio de reconhecimento da excel\u00eancia do livro brasileiro. Na Bienal, queremos ampliar esse encontro, aproximando leitores de escritores, pesquisadores e criadores que ajudam a pensar o Brasil e o nosso tempo.\u201d afirma.<\/p>\n<p>Confira abaixo a programa\u00e7\u00e3o das mesas e os autores participantes:<\/p>\n<p><strong>Dia 04\u00a0<\/strong><br \/>\n<strong>14h - O futuro das bibliotecas\u00a0<\/strong><\/p>\n<p>Em um mundo de acesso instant\u00e2neo \u00e0 informa\u00e7\u00e3o, qual \u00e9 o lugar das bibliotecas? Muito al\u00e9m de guardar livros, elas se reinventam como espa\u00e7os de leitura, cultura, conhecimento, conviv\u00eancia e forma\u00e7\u00e3o de comunidades. A conversa ser\u00e1 sobre os desafios de preservar acervos e mem\u00f3ria sem perder de vista novos p\u00fablicos, linguagens e formas de acesso. Um encontro para pensar como uma institui\u00e7\u00e3o centen\u00e1ria pode continuar indispens\u00e1vel no s\u00e9culo XXI.<br \/>\nLuiza Helena Thesin<br \/>\nMary Zaidan<\/p>\n<p><strong>15h30 - Redes sociais, informa\u00e7\u00e3o e democracia\u00a0<\/strong><\/p>\n<p>Nunca tivemos acesso a tanta informa\u00e7\u00e3o, e nunca foi t\u00e3o dif\u00edcil saber em que confiar. As redes sociais ampliaram vozes e possibilidades de participa\u00e7\u00e3o, mas tamb\u00e9m aceleraram a circula\u00e7\u00e3o de desinforma\u00e7\u00e3o, radicaliza\u00e7\u00e3o e discursos que desafiam a conviv\u00eancia democr\u00e1tica. Emerson Bento Pereira e Marcelo Tas conversam sobre como as plataformas digitais est\u00e3o transformando nossa rela\u00e7\u00e3o com a informa\u00e7\u00e3o, o debate p\u00fablico e a pr\u00f3pria democracia. Um encontro para pensar como exercer a cidadania em um mundo no qual todos podem produzir, compartilhar e disputar narrativas em tempo real.<br \/>\nEmerson Bento Pereira<br \/>\nMarcelo Tas<\/p>\n<p><strong>17h - Por que estamos t\u00e3o ansiosos?\u00a0<\/strong><\/p>\n<p>A ansiedade parece ter se tornado uma das marcas do nosso tempo. Pressa, excesso de est\u00edmulos, redes sociais, cobran\u00e7a por desempenho e a sensa\u00e7\u00e3o permanente de que \u00e9 preciso estar fazendo, ou sendo, alguma coisa. A conversa vai girar sobre as origens desse mal-estar contempor\u00e2neo, seus reflexos nas rela\u00e7\u00f5es, no trabalho, nas escolas e na vida cotidiana e sobre como compreender melhor uma sociedade que parece ter desaprendido a esperar. Um encontro para pensar por que estamos t\u00e3o ansiosos e o que essa ansiedade diz sobre o mundo em que vivemos.<br \/>\nChristian Dunker<br \/>\nEstela Zanini<\/p>\n<p><strong>19h30 - Como formar leitores no s\u00e9culo XXI\u00a0<\/strong><\/p>\n<p>Como despertar o desejo de ler em um mundo disputado por telas, v\u00eddeos curtos e est\u00edmulos permanentes? Uma conversa sobre os novos caminhos para a forma\u00e7\u00e3o de leitores, o papel da escola, das bibliotecas, das fam\u00edlias e dos mediadores de leitura e a import\u00e2ncia de fazer com que diferentes p\u00fablicos se reconhe\u00e7am nos livros. Um encontro sobre como transformar o acesso \u00e0 leitura em pertencimento, descoberta e prazer \u2014 e formar leitores para um mundo que mudou profundamente.<br \/>\nBel Santos Mayer<br \/>\nCatita<\/p>\n<p><strong>Dia 05\u00a0<\/strong><br \/>\n<strong>11h - Por que ainda precisamos dos livros?\u00a0<\/strong><\/p>\n<p>Em um mundo de respostas instant\u00e2neas, v\u00eddeos curtos e intelig\u00eancia artificial, por que ainda dedicar tempo a um livro? Leandro Karnal e Uri\u00e3 Fancelli conversam sobre o lugar da leitura em uma sociedade marcada pela velocidade, pela fragmenta\u00e7\u00e3o da aten\u00e7\u00e3o e pelo excesso de informa\u00e7\u00e3o. O que os livros ainda nos oferecem que outras formas de comunica\u00e7\u00e3o n\u00e3o conseguem substituir? Um encontro para pensar o valor da leitura como exerc\u00edcio de concentra\u00e7\u00e3o, imagina\u00e7\u00e3o e reflex\u00e3o \u2014 e porque, mesmo cercados de novas tecnologias, continuamos precisando dos livros.<br \/>\nLeandro Karnal<br \/>\nUri\u00e3 Fancelli<\/p>\n<p><strong>15h - Como os livros ajudam a compreender o Brasil\u00a0<\/strong><\/p>\n<p>Poucos pa\u00edses s\u00e3o t\u00e3o diversos, contradit\u00f3rios e dif\u00edceis de decifrar quanto o Brasil. A historiadora Mary del Priore parte dos livros e da hist\u00f3ria para revisitar personagens, costumes e transforma\u00e7\u00f5es que ajudam a explicar quem somos. Uma conversa sobre como a literatura e a pesquisa hist\u00f3rica iluminam o passado, revelam perman\u00eancias no presente e oferecem novas maneiras de compreender o pa\u00eds, inclusive aquilo que o Brasil ainda n\u00e3o conseguiu resolver.<br \/>\nMary del Priore<\/p>\n<p><strong>17h30 \u2013 Como criar leitores nas redes\u00a0<\/strong><\/p>\n<p>As redes sociais disputam nossa aten\u00e7\u00e3o a cada segundo, mas tamb\u00e9m se tornaram um poderoso espa\u00e7o de descoberta de livros e forma\u00e7\u00e3o de novos leitores. Pedro Pac\u00edfico conversa sobre como falar de literatura no ambiente digital, criar comunidades em torno da leitura e aproximar os livros de p\u00fablicos que muitas vezes n\u00e3o chegam a eles pelos caminhos tradicionais. Um encontro para pensar como transformar seguidores em leitores - e fazer das redes uma porta de entrada para o universo dos livros.<br \/>\nPedro Pac\u00edfico<\/p>\n<p><strong>19h30 \u2013 Escrever depois do primeiro livro\u00a0<\/strong><\/p>\n<p>Publicar o primeiro livro \u00e9 uma conquista. Mas o que acontece depois? Como encontrar uma voz pr\u00f3pria, lidar com expectativas e transformar uma estreia em trajet\u00f3ria? Marcelo Henrique Silva e Fernando Piccinini conversam sobre os desafios que surgem depois da primeira publica\u00e7\u00e3o e sobre o caminho entre o desejo de escrever e a constru\u00e7\u00e3o de uma vida liter\u00e1ria.<br \/>\nMarcelo Henrique Silva<br \/>\nFernando Piccinini<\/p>\n<p><strong>Dia 06\u00a0<\/strong><br \/>\n<strong>11h \u2013 Intelig\u00eancia artificial na educa\u00e7\u00e3o: quem decide os limites?\u00a0<\/strong><\/p>\n<p>A intelig\u00eancia artificial j\u00e1 est\u00e1 mudando a maneira de ensinar, aprender e produzir conhecimento. Mas, \u00e0 medida que essas ferramentas entram nas escolas, surgem quest\u00f5es que v\u00e3o muito al\u00e9m da tecnologia: o que podemos delegar \u00e0s m\u00e1quinas? Como preservar autoria, autonomia, responsabilidade e pensamento cr\u00edtico? Nilson Jos\u00e9 Machado e Francisco Carbonari conversam sobre as oportunidades e os dilemas \u00e9ticos trazidos pela intelig\u00eancia artificial para a educa\u00e7\u00e3o. Um encontro para pensar como incorporar novas tecnologias sem perder de vista aquilo que deve permanecer essencialmente humano no ato de educar.<br \/>\nNilson Jos\u00e9 Machado<br \/>\nFrancisco Jos\u00e9 Carbonari<\/p>\n<p><strong>15h30 \u2013 \u00c9 poss\u00edvel mudar uma vida em poucas p\u00e1ginas?\u00a0<\/strong><\/p>\n<p>O que faz um texto permanecer conosco depois da \u00faltima p\u00e1gina? Um poema, um conto ou mesmo algumas poucas linhas podem alterar nossa maneira de enxergar o mundo, despertar sentimentos e iluminar experi\u00eancias que ainda n\u00e3o sab\u00edamos nomear. Eucana\u00e3 Ferraz fala sobre o poder da literatura e da palavra escrita para tocar, provocar e transformar. Um encontro sobre aqueles livros, \u00e0s vezes breves, que deixam marcas para uma vida inteira.<br \/>\nEucana\u00e3 Ferraz<\/p>\n<p><strong>19h30 \u2013 Como contar hist\u00f3rias que n\u00e3o podem ser esquecidas?\u00a0<\/strong><\/p>\n<p>H\u00e1 hist\u00f3rias dif\u00edceis de contar, mas que uma sociedade n\u00e3o pode se permitir esquecer. Como transformar investiga\u00e7\u00e3o, documentos e testemunhos de sofrimento em uma narrativa que preserve a verdade dos fatos e, ao mesmo tempo, respeite aqueles que os viveram? Daniela Arbex conversa sobre os bastidores de seu trabalho como jornalista e escritora e sobre os desafios \u00e9ticos e humanos de reconstruir hist\u00f3rias reais. Um encontro sobre mem\u00f3ria, escuta e o poder da palavra para impedir que vidas e acontecimentos desapare\u00e7am no esquecimento.<br \/>\nDaniela Arbex<\/p>\n<p><strong>Dia 07\u00a0<\/strong><br \/>\n<strong>11h \u2013 O que faz um bom projeto gr\u00e1fico?\u00a0<\/strong><\/p>\n<p>Um bom livro tamb\u00e9m se l\u00ea com os olhos antes mesmo de se chegar \u00e0s palavras. Capa, tipografia, imagens, papel e organiza\u00e7\u00e3o das p\u00e1ginas ajudam a construir a identidade de uma obra e influenciam a experi\u00eancia do leitor. Carlos Magno e Silas Mart\u00ed conversam sobre o que distingue um projeto gr\u00e1fico capaz de unir forma e conte\u00fado sem transformar o design em mero ornamento. Um encontro para pensar o livro tamb\u00e9m como objeto visual \u2014 e entender como boas escolhas gr\u00e1ficas podem ampliar a for\u00e7a de uma obra.<br \/>\nCarlos Magno Bomfim<\/p>\n<p><strong>15h \u2013 Traduzir \u00e9 reescrever\u00a0<\/strong><\/p>\n<p>Traduzir \u00e9 transportar palavras de uma l\u00edngua para outra ou recriar uma obra em um novo idioma? Cada tradu\u00e7\u00e3o envolve escolhas de ritmo, sentido, estilo e at\u00e9 de sil\u00eancio. Aurora Fornoni Bernardini fala sobre esse delicado trabalho de preservar a voz de um autor e, ao mesmo tempo, faz\u00ea-la nascer novamente em outra l\u00edngua. Um encontro sobre tradu\u00e7\u00e3o como leitura, interpreta\u00e7\u00e3o e cria\u00e7\u00e3o.<br \/>\nAurora Fornoni Bernardini<br \/>\nHubert Alqu\u00e9res<\/p>\n<p><strong>17h \u2013 Como \u201cnascem\u201d os livros? De onde eles surgem, e quem decide public\u00e1-los?\u00a0<\/strong><\/p>\n<p>Os editores Pedro Almeida e Mariana Rolier abrem os bastidores do mercado editorial para compartilhar negocia\u00e7\u00f5es improv\u00e1veis, apostas que surpreenderam, encontros em feiras internacionais e t\u00edtulos que conquistaram o cora\u00e7\u00e3o dos leitores brasileiros. Entre causos, acertos, erros e boas lembran\u00e7as de bastidor, uma conversa sobre como chegam \u00e0s livrarias (e, \u00e0s vezes, porque nunca chegam) os livros que todo mundo quer ler.<br \/>\nMariana Rolier<br \/>\nPedro Almeida<\/p>\n<p><strong>19h30 \u2013 Como formar professores para a escola de hoje?\u00a0<\/strong><\/p>\n<p>A escola mudou, os estudantes mudaram e as demandas sobre os professores se tornaram cada vez mais complexas. Como preparar educadores para ensinar em uma sociedade marcada pela diversidade, pluralidade e por novas formas de aprender e conviver? Silvia Lima e Adilson Jos\u00e9 Moreira conversam sobre forma\u00e7\u00e3o docente, pr\u00e1tica profissional e os conhecimentos necess\u00e1rios para enfrentar os desafios da escola contempor\u00e2nea. Uma conversa sobre como aproximar universidade e escola e fazer da forma\u00e7\u00e3o de professores um processo permanente, conectado \u00e0 realidade das salas de aula e \u00e0s transforma\u00e7\u00f5es da sociedade.<br \/>\nAdilson Jos\u00e9 Moreira<br \/>\nSilvia Lima<\/p>\n<p><strong>Dia 08\u00a0<\/strong><br \/>\n<strong>11h \u2013 D\u00e1 para entender o mundo pelo humor?\u00a0<\/strong><\/p>\n<p>Uma boa tira pode fazer rir, incomodar e provocar reflex\u00e3o em poucos quadrinhos. Carlos Ruas e Orlandeli conversam sobre como humor, desenho e narrativa se combinam para observar o cotidiano e comentar as contradi\u00e7\u00f5es do nosso tempo. Em uma \u00e9poca de redes sociais, polariza\u00e7\u00e3o e mudan\u00e7as na maneira como consumimos informa\u00e7\u00e3o, qual \u00e9 o espa\u00e7o do humor gr\u00e1fico? Um encontro sobre criatividade, liberdade e a capacidade do riso de nos fazer enxergar a realidade por outros \u00e2ngulos.<br \/>\nCarlos Ruas<br \/>\nOrlandeli<\/p>\n<p><strong>14h \u2013 Literatura depois da internet\u00a0<\/strong><\/p>\n<p>A internet mudou a maneira como lemos, escrevemos e nos relacionamos com os livros. Mas mudou tamb\u00e9m a pr\u00f3pria literatura? Juli\u00e1n Fuks conversa sobre o impacto das redes, das novas tecnologias e da acelera\u00e7\u00e3o do cotidiano sobre a cria\u00e7\u00e3o liter\u00e1ria. Um encontro para pensar o que permanece e o que se transforma na experi\u00eancia de escrever e ler em um mundo permanentemente conectado.<br \/>\nJuli\u00e1n Fuks<\/p>\n<p><strong>17h \u2013 A literatura pode ajudar a crescer?\u00a0<\/strong><\/p>\n<p>H\u00e1 livros que acompanham a inf\u00e2ncia e a juventude muito depois de terminada a leitura. Eles ajudam a nomear sentimentos, conhecer outras realidades, enfrentar medos e descobrir possibilidades. Andr\u00e9 Kondo e Gisele Corr\u00eaa Ferreira conversam sobre o papel da literatura na forma\u00e7\u00e3o de crian\u00e7as e jovens e sobre como boas hist\u00f3rias podem contribuir para compreender a si mesmo, o outro e o mundo. Afinal, \u00e9 poss\u00edvel crescer tamb\u00e9m atrav\u00e9s dos livros?<br \/>\nAndr\u00e9 Kondo<br \/>\nGisele Corr\u00eaa Ferreira<\/p>\n<p><strong>19h30 \u2013 O jornalismo mudou. E agora?\u00a0<\/strong><\/p>\n<p>Redes sociais, intelig\u00eancia artificial, desinforma\u00e7\u00e3o e novos h\u00e1bitos de consumo transformaram profundamente a circula\u00e7\u00e3o das not\u00edcias. Nesse cen\u00e1rio, o que permanece essencial ao jornalismo? Eug\u00eanio Bucci e Juliana Dal Piva conversam sobre credibilidade, investiga\u00e7\u00e3o, independ\u00eancia e os desafios de informar em uma sociedade marcada pela velocidade e pela disputa de narrativas. Um encontro sobre o que mudou no jornalismo \u2014 e sobre aquilo que ele n\u00e3o pode perder.<br \/>\nEug\u00eanio Bucci<br \/>\nJuliana Dal Piva<\/p>\n<p><strong>Dia 09\u00a0<\/strong><br \/>\n<strong>11h \u2013 Por que ler poesia hoje?\u00a0<\/strong><\/p>\n<p>Em um tempo de pressa, excesso de informa\u00e7\u00e3o e aten\u00e7\u00e3o fragmentada, que lugar ainda existe para a poesia? Carlos Vogt e Liniane Haag Brum conversam sobre a capacidade do poema de interromper o ritmo cotidiano, reinventar a linguagem e revelar sentidos onde muitas vezes n\u00e3o os percebemos. Uma conversa sobre leitura, cria\u00e7\u00e3o e a for\u00e7a de poucas palavras para dizer aquilo que nem sempre conseguimos expressar \u2014 e sobre porque a poesia continua necess\u00e1ria para compreender a n\u00f3s mesmos e o mundo.<br \/>\nCarlos Vogt<br \/>\nLiniane Haag Brum<\/p>\n<p><strong>14h \u2013 Quando o livro tamb\u00e9m \u00e9 design\u00a0<\/strong><\/p>\n<p>Um livro come\u00e7a antes mesmo da primeira palavra. Capa, tipografia, papel, imagens e projeto gr\u00e1fico tamb\u00e9m constroem sentidos e interferem na experi\u00eancia de leitura. Mariana Lorenzi e Kiko Farkas conversam sobre o encontro entre conte\u00fado e forma e sobre o livro como objeto de cria\u00e7\u00e3o. Um di\u00e1logo sobre como o design pode transformar a maneira como vemos, tocamos e lemos um livro.<br \/>\nMariana Lorenzi<br \/>\nKiko Farkas<\/p>\n<p><strong>17h \u2013 Educa\u00e7\u00e3o, democracia e futuro\u00a0<\/strong><\/p>\n<p>Que educa\u00e7\u00e3o precisamos para construir o futuro? Em uma sociedade marcada por mudan\u00e7as r\u00e1pidas, novas tecnologias e profundas desigualdades, a escola continua sendo um dos principais espa\u00e7os de forma\u00e7\u00e3o para a vida em comum. Uma conversa sobre o papel da educa\u00e7\u00e3o na forma\u00e7\u00e3o de cidad\u00e3os, na constru\u00e7\u00e3o da democracia e na prepara\u00e7\u00e3o das novas gera\u00e7\u00f5es para um mundo em transforma\u00e7\u00e3o. Um encontro para pensar a escola que temos, a escola de que precisamos e o futuro que queremos construir.<br \/>\nGuiomar de Melo<br \/>\nHubert Alqu\u00e9res<\/p>\n<p><strong>19h30 \u2013 Como nasce uma reportagem\u00a0<\/strong><\/p>\n<p>Antes de chegar ao leitor, uma grande reportagem passa por perguntas, fontes, documentos, apura\u00e7\u00e3o, d\u00favidas e escolhas. Igor Gielow revela os bastidores desse processo e discute o que distingue uma boa reportagem em tempos de informa\u00e7\u00e3o instant\u00e2nea. Um encontro sobre investiga\u00e7\u00e3o, rigor e a tarefa de transformar fatos em uma narrativa capaz de ajudar a compreender a realidade.<br \/>\nIgor Gielow<br \/>\nHubert Alqu\u00e9res<\/p>\n<p><strong>Dia 10\u00a0<\/strong><br \/>\n<strong>11h \u2013 O que a escola precisa ensinar hoje?\u00a0<\/strong><\/p>\n<p>O mundo mudou, e com ele mudaram as compet\u00eancias necess\u00e1rias para compreender a realidade, conviver e fazer escolhas. Mas o que isso significa para a escola? Leonardo Bento discute o que os estudantes precisam aprender hoje e como conciliar conhecimento, forma\u00e7\u00e3o humana e os novos desafios da educa\u00e7\u00e3o. Uma conversa sobre o que deve mudar na escola \u2014 e aquilo que ela n\u00e3o pode deixar de ensinar.<br \/>\nLeonardo Bento<br \/>\nHubert Alqu\u00e9res<\/p>\n<p><strong>14h \u2013 Por que alguns livros viralizam?\u00a0<\/strong><\/p>\n<p>Por que certos livros, \u00e0s vezes anos depois de publicados, de repente conquistam milhares de novos leitores? Redes sociais, clubes de leitura e comunidades digitais est\u00e3o mudando a maneira como descobrimos, recomendamos e compramos livros. Taty Leite e Carla Sacrato conversam sobre esse novo boca a boca digital e sobre o que faz uma obra atravessar as telas e se transformar em fen\u00f4meno de leitura.<br \/>\nTaty Leite<br \/>\nCarla Sacrato<\/p>\n<p><strong>19h30 \u2013 Como nasce um escritor?\u00a0<\/strong><\/p>\n<p>Um escritor nasce do talento, da leitura, da disciplina ou da necessidade de contar hist\u00f3rias? Aline Bei conversa com Pedro Almeida sobre os caminhos da cria\u00e7\u00e3o liter\u00e1ria, a constru\u00e7\u00e3o de uma voz pr\u00f3pria e o trabalho que existe por tr\u00e1s de um livro. Uma conversa sobre inspira\u00e7\u00e3o e of\u00edcio \u2014 e sobre o momento em que escrever deixa de ser apenas um desejo e passa a ocupar um lugar central na vida.<br \/>\nAline Bei<br \/>\nPedro Almeida<\/p>\n<p><strong>Dia 11\u00a0<\/strong><br \/>\n<strong>11h \u2013 O que acontece com a arte quando tudo vira imagem?\u00a0<\/strong><\/p>\n<p>Nunca produzimos, compartilhamos e consumimos tantas imagens. O que essa abund\u00e2ncia muda na maneira de criar, olhar e compreender a arte? Martin Grossmann e Clayton Policarpo conversam sobre cultura visual, novas linguagens e as transforma\u00e7\u00f5es trazidas pelas tecnologias digitais para a produ\u00e7\u00e3o e a circula\u00e7\u00e3o art\u00edstica. Do livro \u00e0s telas, uma conversa sobre o que acontece com a experi\u00eancia est\u00e9tica quando as fronteiras entre imagem, arte, comunica\u00e7\u00e3o e tecnologia se tornam cada vez mais abertas.<br \/>\nMartin Grossmann<br \/>\nClayton Policarpo<\/p>\n<p><strong>14h \u2013 De onde vem a voz de um poeta?\u00a0<\/strong><\/p>\n<p>O que faz com que reconhe\u00e7amos a voz de um poeta em meio a tantas outras? Ela nasce da experi\u00eancia, das leituras, do dom\u00ednio da linguagem ou de uma maneira particular de olhar o mundo? Paulo Franchetti conversa sobre cria\u00e7\u00e3o, tradi\u00e7\u00e3o e o trabalho muitas vezes invis\u00edvel por tr\u00e1s de um poema. Um encontro para pensar como se constr\u00f3i uma voz po\u00e9tica \u2014 e como poucas palavras, quando encontram sua forma, podem ganhar sentidos que atravessam o tempo.<\/p>\n<p>Paulo Franchetti<\/p>\n<p><strong>17h \u2013 Como uma ideia encontra seu p\u00fablico?\u00a0<\/strong><\/p>\n<p>Em um mundo saturado de mensagens, n\u00e3o basta ter uma boa ideia: \u00e9 preciso faz\u00ea-la chegar \u00e0s pessoas. Lu Fernandes, com uma trajet\u00f3ria que atravessa jornalismo, comunica\u00e7\u00e3o, edi\u00e7\u00e3o e grandes eventos liter\u00e1rios, e George Benson Acohamo, ligado \u00e0 publicidade, ao design e \u00e0 constru\u00e7\u00e3o de marcas, conversam sobre os caminhos entre conte\u00fado e p\u00fablico. O que faz uma mensagem despertar aten\u00e7\u00e3o, criar v\u00ednculo e permanecer? Uma conversa sobre comunica\u00e7\u00e3o, repert\u00f3rio e as diferentes maneiras de transformar ideias em experi\u00eancias capazes de encontrar seu p\u00fablico.<br \/>\nLu Fernandes<br \/>\nGeorge Benson Acohamo<\/p>\n<p><strong>Dia 12\u00a0<\/strong><br \/>\n<strong>11h \u2013 O que a vida pode contar sobre o Brasil?\u00a0<\/strong><\/p>\n<p>A hist\u00f3ria de uma vida pode iluminar a hist\u00f3ria de um pa\u00eds. Ao reconstruir trajet\u00f3rias individuais, a biografia revela escolhas, conflitos, rela\u00e7\u00f5es e transforma\u00e7\u00f5es que ajudam a compreender uma \u00e9poca. Mario Sabino e Andrea Matarazzo \u2014 que acaba de lan\u00e7ar uma biografia de Francesco Matarazzo \u2014 conversam sobre mem\u00f3ria, pesquisa e os desafios de transformar uma exist\u00eancia real em narrativa. Uma conversa sobre o que personagens singulares podem revelar sobre imigra\u00e7\u00e3o, empreendedorismo, poder, cultura e as mudan\u00e7as do pr\u00f3prio Brasil.<br \/>\nMario Sabino<br \/>\nAndrea Matarazzo<br \/>\nHubert Alqu\u00e9res<\/p>\n<p><strong>14h \u2013 Literatura infantil: por que ela importa para toda a sociedade?\u00a0<\/strong><\/p>\n<p>Literatura infantil \u00e9 assunto apenas de crian\u00e7a? Os livros que encontramos nos primeiros anos ajudam a formar leitores, repert\u00f3rios, sensibilidades e maneiras de compreender o mundo. Ana Teresa Gavi\u00e3o e Ilan Brenman conversam sobre a import\u00e2ncia da literatura infantil para a forma\u00e7\u00e3o das novas gera\u00e7\u00f5es e sobre porque a qualidade dos livros oferecidos \u00e0s crian\u00e7as deveria interessar a toda a sociedade.<br \/>\nAna Teresa Gavi\u00e3o<br \/>\nIlan Brenman<\/p>\n<p><strong>17h \u2013 Quem decide quais vozes merecem ser ouvidas?\u00a0<\/strong><\/p>\n<p>Quem ganha espa\u00e7o nos livros, nas revistas e no debate cultural \u2014 e quem permanece \u00e0 margem? Daysi Bregantini e Marcia Tiburi, com uma longa interlocu\u00e7\u00e3o constru\u00edda tamb\u00e9m nas p\u00e1ginas da revista CULT, conversam sobre literatura, filosofia, edi\u00e7\u00e3o e as disputas em torno da representa\u00e7\u00e3o e da liberdade de express\u00e3o. Em uma sociedade atravessada por conflitos de identidade, poder e pertencimento, escolher o que publicar, ler e discutir tamb\u00e9m produz visibilidade. Uma conversa sobre quem participa da constru\u00e7\u00e3o do repert\u00f3rio cultural de uma \u00e9poca \u2014 e quem decide quais vozes merecem ser ouvidas.<br \/>\nMarcia Tiburi<br \/>\nDaysi Bregantini<\/p>\n<p><strong>19h30 \u2013 Quadrinhos e literatura\u00a0<\/strong><\/p>\n<p>Onde termina a literatura e come\u00e7am os quadrinhos? Palavras e imagens se combinam para criar narrativas capazes de contar hist\u00f3rias, construir personagens e interpretar o mundo com recursos pr\u00f3prios. Mauricio Pestana e Alcimar Fraz\u00e3o conversam sobre as rela\u00e7\u00f5es entre desenho, texto e narrativa e sobre o espa\u00e7o conquistado pelos quadrinhos na cultura e no universo dos livros. Um encontro para pensar a for\u00e7a de uma linguagem em que ler e olhar fazem parte da mesma experi\u00eancia.<br \/>\nAlcimar Fraz\u00e3o<br \/>\nMauricio Pestana<\/p>\n<p><strong>Dia 13\u00a0<\/strong><br \/>\n<strong>11h \u2013 Escrever para crian\u00e7as e jovens depois dos 50\u00a0<\/strong><\/p>\n<p>O que muda quando um escritor atravessa gera\u00e7\u00f5es de leitores? Pedro Bandeira conversa sobre o desafio de continuar escrevendo para crian\u00e7as e jovens depois de d\u00e9cadas de carreira, acompanhando as transforma\u00e7\u00f5es da linguagem, dos costumes e das pr\u00f3prias formas de ler. Como falar com os jovens de hoje sem tentar imit\u00e1-los \u2014 e sem perder aquilo que torna uma hist\u00f3ria capaz de atravessar o tempo? Um encontro sobre literatura, experi\u00eancia e a permanente necessidade de compreender quem est\u00e1 do outro lado da p\u00e1gina.<br \/>\nPedro Bandeira<\/p>\n<p><strong>14h - O Brasil que queremos contar\u00a0<\/strong><\/p>\n<p>Quem conta o Brasil \u2014 e quais hist\u00f3rias ainda precisam ser contadas? Um pa\u00eds t\u00e3o diverso n\u00e3o cabe em uma \u00fanica narrativa. Amara Moira e Antonio Prata conversam sobre literatura, identidade, mem\u00f3ria e as m\u00faltiplas experi\u00eancias que formam o Brasil contempor\u00e2neo. Um encontro sobre as vozes que conquistaram espa\u00e7o, aquelas que ainda precisam ser ouvidas e o papel da literatura na constru\u00e7\u00e3o das hist\u00f3rias que contamos sobre n\u00f3s mesmos.<br \/>\nAmara Moira<br \/>\nAntonio Prata<\/p>\n<p><strong>17h - Arte para al\u00e9m dos museus\u00a0<\/strong><\/p>\n<p>A arte precisa estar dentro de um museu para ser reconhecida como arte? Ruas, edif\u00edcios e espa\u00e7os de circula\u00e7\u00e3o cotidiana tamb\u00e9m podem se transformar em lugares de cria\u00e7\u00e3o e encontro com o p\u00fablico. Alex Flemming conversa sobre os caminhos da arte para al\u00e9m das institui\u00e7\u00f5es tradicionais e sobre como uma obra ganha novos sentidos quando passa a fazer parte da vida da cidade. Um encontro para pensar onde a arte pode estar \u2014 e como ela pode mudar nossa maneira de olhar os espa\u00e7os que habitamos.<br \/>\nAlex Flemming<\/p>\n<p>A participa\u00e7\u00e3o \u00e9 aberta ao p\u00fablico do evento, sem necessidade de retirada de senhas. No entanto, ser\u00e3o reservados 25 lugares para cada evento. O acesso ser\u00e1 feito por ordem de chegada e est\u00e1 sujeito \u00e0 lota\u00e7\u00e3o do espa\u00e7o.<\/p>","protected":false},"excerpt":{"rendered":"<p>Espa\u00e7o\u00a0Pr\u00eamio\u00a0Jabuti\u00a0contar\u00e1 com\u00a0uma rica\u00a0programa\u00e7\u00e3o envolvendo\u00a0autores convidados\u00a0como\u00a0Marcelo\u00a0Tas, Leandro Karnal, Pedro Pac\u00edfico, Eug\u00eanio Bucci, M\u00e1rcia Tiburi e Pedro Bandeira,\u00a0al\u00e9m de\u00a0sess\u00f5es de aut\u00f3grafos Durante os dez dias da 28\u00aa Bienal Internacional do Livro de S\u00e3o Paulo, o\u00a0Espa\u00e7o Pr\u00eamio Jabuti\u00a0ser\u00e1 um ponto de encontro entre livros, autores, leitores e algumas das quest\u00f5es que mobilizam a sociedade contempor\u00e2nea. Com curadoria de [&hellip;]<\/p>\n","protected":false},"author":12,"featured_media":131820,"comment_status":"closed","ping_status":"closed","sticky":false,"template":"","format":"standard","meta":{"_acf_changed":false,"footnotes":""},"categories":[1],"tags":[],"class_list":["post-131819","post","type-post","status-publish","format-standard","has-post-thumbnail","hentry","category-nao-categorizado"],"acf":[],"_links":{"self":[{"href":"https:\/\/cbl.org.br\/en\/wp-json\/wp\/v2\/posts\/131819","targetHints":{"allow":["GET"]}}],"collection":[{"href":"https:\/\/cbl.org.br\/en\/wp-json\/wp\/v2\/posts"}],"about":[{"href":"https:\/\/cbl.org.br\/en\/wp-json\/wp\/v2\/types\/post"}],"author":[{"embeddable":true,"href":"https:\/\/cbl.org.br\/en\/wp-json\/wp\/v2\/users\/12"}],"replies":[{"embeddable":true,"href":"https:\/\/cbl.org.br\/en\/wp-json\/wp\/v2\/comments?post=131819"}],"version-history":[{"count":1,"href":"https:\/\/cbl.org.br\/en\/wp-json\/wp\/v2\/posts\/131819\/revisions"}],"predecessor-version":[{"id":131821,"href":"https:\/\/cbl.org.br\/en\/wp-json\/wp\/v2\/posts\/131819\/revisions\/131821"}],"wp:featuredmedia":[{"embeddable":true,"href":"https:\/\/cbl.org.br\/en\/wp-json\/wp\/v2\/media\/131820"}],"wp:attachment":[{"href":"https:\/\/cbl.org.br\/en\/wp-json\/wp\/v2\/media?parent=131819"}],"wp:term":[{"taxonomy":"category","embeddable":true,"href":"https:\/\/cbl.org.br\/en\/wp-json\/wp\/v2\/categories?post=131819"},{"taxonomy":"post_tag","embeddable":true,"href":"https:\/\/cbl.org.br\/en\/wp-json\/wp\/v2\/tags?post=131819"}],"curies":[{"name":"wp","href":"https:\/\/api.w.org\/{rel}","templated":true}]}}